{"id":884,"date":"2023-10-05T15:58:22","date_gmt":"2023-10-05T18:58:22","guid":{"rendered":"https:\/\/reciclarg.com\/?p=884"},"modified":"2025-09-29T10:55:29","modified_gmt":"2025-09-29T13:55:29","slug":"fuimos-parte-del-foro-de-innovacion-y-talento-de-mendoza","status":"publish","type":"post","link":"https:\/\/reciclarg.com\/en\/fuimos-parte-del-foro-de-innovacion-y-talento-de-mendoza\/","title":{"rendered":"Fuimos parte del Foro de Innovaci\u00f3n y Talento de Mendoza"},"content":{"rendered":"<p>Estamos orgullosos de haber sido parte del Foro de Innovaci\u00f3n y Talento de Mendoza sobre los desaf\u00edos de la ciencia, la tecnolog\u00eda y la innovaci\u00f3n en la sociedad del conocimiento. Consideramos que fue una oportunidad en la que pudimos aportar y contribuir con nuestra experiencia y conocimientos al objetivo planteado este a\u00f1o.<\/p>\n<p>Se desarrollaron temas como: metodolog\u00edas para la puesta en valor del capital intelectual de diferentes tipos de organizaciones; experiencias de valorizaci\u00f3n de tecnolog\u00edas, patentes, marcas y otros activos intelectuales y casos de \u00e9xito de empresas que, gracias a su capital intelectual, han logrado potenciar con \u00e9xito su valor social y comercial; y m\u00e1s.<\/p>\n<p>Te invitamos a leer la nota del gobierno de Mendoza para conocer m\u00e1s de lo que fue el Foro: https:\/\/lnkd.in\/dAJxPg_4<\/p>","protected":false},"excerpt":{"rendered":"<p>Estamos orgullosos de haber sido parte del Foro de Innovaci\u00f3n y Talento de Mendoza sobre los desaf\u00edos de la ciencia, la tecnolog\u00eda y la innovaci\u00f3n en la sociedad del conocimiento&#8230;.<\/p>","protected":false},"author":3,"featured_media":885,"comment_status":"closed","ping_status":"open","sticky":false,"template":"","format":"standard","meta":{"footnotes":""},"categories":[1],"tags":[],"class_list":{"0":"post-884","1":"post","2":"type-post","3":"status-publish","4":"format-standard","5":"has-post-thumbnail","7":"category-sin-categoria"},"_links":{"self":[{"href":"https:\/\/reciclarg.com\/en\/wp-json\/wp\/v2\/posts\/884","targetHints":{"allow":["GET"]}}],"collection":[{"href":"https:\/\/reciclarg.com\/en\/wp-json\/wp\/v2\/posts"}],"about":[{"href":"https:\/\/reciclarg.com\/en\/wp-json\/wp\/v2\/types\/post"}],"author":[{"embeddable":true,"href":"https:\/\/reciclarg.com\/en\/wp-json\/wp\/v2\/users\/3"}],"replies":[{"embeddable":true,"href":"https:\/\/reciclarg.com\/en\/wp-json\/wp\/v2\/comments?post=884"}],"version-history":[{"count":1,"href":"https:\/\/reciclarg.com\/en\/wp-json\/wp\/v2\/posts\/884\/revisions"}],"predecessor-version":[{"id":886,"href":"https:\/\/reciclarg.com\/en\/wp-json\/wp\/v2\/posts\/884\/revisions\/886"}],"wp:featuredmedia":[{"embeddable":true,"href":"https:\/\/reciclarg.com\/en\/wp-json\/wp\/v2\/media\/885"}],"wp:attachment":[{"href":"https:\/\/reciclarg.com\/en\/wp-json\/wp\/v2\/media?parent=884"}],"wp:term":[{"taxonomy":"category","embeddable":true,"href":"https:\/\/reciclarg.com\/en\/wp-json\/wp\/v2\/categories?post=884"},{"taxonomy":"post_tag","embeddable":true,"href":"https:\/\/reciclarg.com\/en\/wp-json\/wp\/v2\/tags?post=884"}],"curies":[{"name":"wp","href":"https:\/\/api.w.org\/{rel}","templated":true}]}}